{"id":2773,"date":"2011-08-12T16:41:13","date_gmt":"2011-08-12T14:41:13","guid":{"rendered":"https:\/\/kul.ro\/blog\/?p=2773"},"modified":"2011-08-12T16:43:30","modified_gmt":"2011-08-12T14:43:30","slug":"postul-din-12-august-2011","status":"publish","type":"post","link":"https:\/\/kul.ro\/blog\/2011\/08\/postul-din-12-august-2011\/","title":{"rendered":"Postul din 12 august 2011"},"content":{"rendered":"<p>V\u0103lu\u015foare. Primele pe anul \u0103sta, max 40 cm. Stat ceva \u00een ap\u0103 s\u0103 prind trei onorabile. \u015ei prins:) Cam am nevoie de holder pentru um\u0103r \u015fi-mi dau seama c\u0103 \u0163in\u00e2nd cont de for\u0163ele cu care te contrezi la cele mari de aproape 2 m nu \u015ftiu dac\u0103&#8230; e bine ce fac. Se prea poate c\u0103 p\u00e2n\u0103 spre posibila viitoare opera\u0163ie treaba cu valurile s\u0103 se fi cam terminat pentru mine. Cel pu\u0163in nu grupa mare, alea pentru care via\u0163a merit\u0103 tr\u0103it\u0103. Dar&#8230; bun \u015fi a\u015fa.<\/p>\n<p>\u015ei dac\u0103 tot ar fi de consemnat, undeva dup\u0103 jum\u0103tatea lui iulie, cam la 1 lun\u0103 dup\u0103 ce m-am mutat iar acas\u0103, unde nu m\u0103 ridic din canapea dec\u00e2t pentru chestiuni vitale \u015fi la 2-3 m distan\u0163\u0103&#8230; au cedat genunchii. Am\u00e2ndoi, pe r\u00e2nd. Iar acum, \u00een fiecare sear\u0103 \u00eenainte de apus c\u00e2te o plimbare obligatorie de 30 de minute prin parc c\u0103 totu\u015fi vreau s\u0103 prind 45 de ani f\u0103r\u0103 bastoane. Apucat de citit despre articula\u0163ia genunchiului \u015fi-i muuult mai complicat dec\u00e2t la um\u0103r. Asemeni patologie.<\/p>\n<p>\u00cen rest de bine.<\/p>\n","protected":false},"excerpt":{"rendered":"<p>V\u0103lu\u015foare. Primele pe anul \u0103sta, max 40 cm. Stat ceva \u00een ap\u0103 s\u0103 prind trei onorabile. \u015ei prins:) Cam am nevoie de holder pentru um\u0103r \u015fi-mi dau seama c\u0103 \u0163in\u00e2nd cont de for\u0163ele cu care te contrezi la cele mari de aproape 2 m nu \u015ftiu dac\u0103&#8230; e bine ce fac. Se prea poate c\u0103 [&hellip;]<\/p>\n<a role=\"link\" class=\"rtp-readmore\" title=\"Read more on Postul din 12 august 2011\" href=\"https:\/\/kul.ro\/blog\/2011\/08\/postul-din-12-august-2011\/\" rel=\"nofollow\">Read More &rarr;<\/a>","protected":false},"author":3,"featured_media":0,"comment_status":"open","ping_status":"closed","sticky":false,"template":"","format":"standard","meta":{"footnotes":""},"categories":[6,1],"tags":[10,12],"class_list":["post-2773","post","type-post","status-publish","format-standard","hentry","category-jurnal-de-baie","category-orice","tag-apa","tag-valuri"],"_links":{"self":[{"href":"https:\/\/kul.ro\/blog\/wp-json\/wp\/v2\/posts\/2773","targetHints":{"allow":["GET"]}}],"collection":[{"href":"https:\/\/kul.ro\/blog\/wp-json\/wp\/v2\/posts"}],"about":[{"href":"https:\/\/kul.ro\/blog\/wp-json\/wp\/v2\/types\/post"}],"author":[{"embeddable":true,"href":"https:\/\/kul.ro\/blog\/wp-json\/wp\/v2\/users\/3"}],"replies":[{"embeddable":true,"href":"https:\/\/kul.ro\/blog\/wp-json\/wp\/v2\/comments?post=2773"}],"version-history":[{"count":0,"href":"https:\/\/kul.ro\/blog\/wp-json\/wp\/v2\/posts\/2773\/revisions"}],"wp:attachment":[{"href":"https:\/\/kul.ro\/blog\/wp-json\/wp\/v2\/media?parent=2773"}],"wp:term":[{"taxonomy":"category","embeddable":true,"href":"https:\/\/kul.ro\/blog\/wp-json\/wp\/v2\/categories?post=2773"},{"taxonomy":"post_tag","embeddable":true,"href":"https:\/\/kul.ro\/blog\/wp-json\/wp\/v2\/tags?post=2773"}],"curies":[{"name":"wp","href":"https:\/\/api.w.org\/{rel}","templated":true}]}}