{"id":8182,"date":"2023-09-06T11:35:31","date_gmt":"2023-09-06T09:35:31","guid":{"rendered":"https:\/\/kul.ro\/?p=8182"},"modified":"2024-01-21T16:27:22","modified_gmt":"2024-01-21T14:27:22","slug":"postul-din-6-septembrie-2023","status":"publish","type":"post","link":"https:\/\/kul.ro\/blog\/2023\/09\/postul-din-6-septembrie-2023\/","title":{"rendered":"Postul din 6 septembrie 2023"},"content":{"rendered":"<p>M-am \u00eenscris la Yoga. Am vrut s\u0103 m\u0103 duc la \u00eencep\u0103tori \u0219i am ajuns <em>din \u00eent\u00e2mplare<\/em> la avansa\u021bi. P\u00e2n\u0103 acum am f\u0103cut fa\u021b\u0103, \u0219i mi-a sublimat din a doua \u0219edin\u021b\u0103 ceea.ce.\u00eensemna.c\u0103.e.de.bine .<\/p>\n<p>Am reintrat pe regim alimentar cu intermitent fasting. As expected \u2013 \u0440\u0430\u0431\u043e\u0442\u0435\u0442\u044c, dar acum s\u0103 m\u0103 \u0219i \u021bin\u0103, \u0219i pe mine nu prea m\u0103 \u021bine. Vdm. Din categoria categoriilor m-am dus \u0219i la Human Design \u0219i la terapie cu masaj Cranio-Sacral. Da \u2013 \u00eenregistrate \u00een paradigma vestic\u0103 ca \u0219arlat\u0103nisme-ish, sau very Cold Reading sau alea-alea\u2026 nu \u0219tiu, la mine &#8211; iar &#8211; merg, \u0219i nu prea-mi pas\u0103 de ce \u0219i oricum am ajuns \u00een prea multe zone voodoo ca s\u0103 ignor <em>\u2018whatever works\u2019<\/em>-ul c\u00e2nd func\u021bioneaz\u0103.<\/p>\n<p>\u00cen rest de bine. Am intrat \u00eentr-un proiect la munc\u0103, \u0219i dup\u0103 cum bine \u0219tiu \u00eenc\u0103 din Aprilie &#8211; e posibil ca \u00een Octombrie, spre final, via\u021ba mea s\u0103 se schimbe mult, pe genul cump\u0103n\u0103 sau schimbare de macaz. \u2018Om tr\u0103i \u0219i \u2018om vedea. Sau: <strong>ooooommmm<\/strong>. Lol, neah mai degrab\u0103: ohm (\u03a9). A\u0219a e mai bine.<\/p>\n\n","protected":false},"excerpt":{"rendered":"<p>M-am \u00eenscris la Yoga. Am vrut s\u0103 m\u0103 duc la \u00eencep\u0103tori \u0219i am ajuns din \u00eent\u00e2mplare la avansa\u021bi. P\u00e2n\u0103 acum am f\u0103cut fa\u021b\u0103, \u0219i mi-a sublimat din a doua \u0219edin\u021b\u0103 ceea.ce.\u00eensemna.c\u0103.e.de.bine . Am reintrat pe regim alimentar cu intermitent fasting. As expected \u2013 \u0440\u0430\u0431\u043e\u0442\u0435\u0442\u044c, dar acum s\u0103 m\u0103 \u0219i \u021bin\u0103, \u0219i pe mine nu prea [&hellip;]<\/p>\n<a role=\"link\" class=\"rtp-readmore\" title=\"Read more on Postul din 6 septembrie 2023\" href=\"https:\/\/kul.ro\/blog\/2023\/09\/postul-din-6-septembrie-2023\/\" rel=\"nofollow\">Read More &rarr;<\/a>","protected":false},"author":3,"featured_media":0,"comment_status":"open","ping_status":"closed","sticky":false,"template":"","format":"standard","meta":{"footnotes":""},"categories":[1],"tags":[],"class_list":["post-8182","post","type-post","status-publish","format-standard","hentry","category-orice"],"_links":{"self":[{"href":"https:\/\/kul.ro\/blog\/wp-json\/wp\/v2\/posts\/8182","targetHints":{"allow":["GET"]}}],"collection":[{"href":"https:\/\/kul.ro\/blog\/wp-json\/wp\/v2\/posts"}],"about":[{"href":"https:\/\/kul.ro\/blog\/wp-json\/wp\/v2\/types\/post"}],"author":[{"embeddable":true,"href":"https:\/\/kul.ro\/blog\/wp-json\/wp\/v2\/users\/3"}],"replies":[{"embeddable":true,"href":"https:\/\/kul.ro\/blog\/wp-json\/wp\/v2\/comments?post=8182"}],"version-history":[{"count":0,"href":"https:\/\/kul.ro\/blog\/wp-json\/wp\/v2\/posts\/8182\/revisions"}],"wp:attachment":[{"href":"https:\/\/kul.ro\/blog\/wp-json\/wp\/v2\/media?parent=8182"}],"wp:term":[{"taxonomy":"category","embeddable":true,"href":"https:\/\/kul.ro\/blog\/wp-json\/wp\/v2\/categories?post=8182"},{"taxonomy":"post_tag","embeddable":true,"href":"https:\/\/kul.ro\/blog\/wp-json\/wp\/v2\/tags?post=8182"}],"curies":[{"name":"wp","href":"https:\/\/api.w.org\/{rel}","templated":true}]}}