{"id":8699,"date":"2024-11-30T09:14:32","date_gmt":"2024-11-30T07:14:32","guid":{"rendered":"https:\/\/kul.ro\/blog\/?p=8699"},"modified":"2024-12-09T02:23:33","modified_gmt":"2024-12-09T00:23:33","slug":"george-calinescu-sa-ne-uneasca","status":"publish","type":"post","link":"https:\/\/kul.ro\/blog\/2024\/11\/george-calinescu-sa-ne-uneasca\/","title":{"rendered":"George C\u0103linescu s\u0103 ne uneasc\u0103!"},"content":{"rendered":"<p><img decoding=\"async\" class=\"size-medium wp-image-8702 aligncenter\" src=\"https:\/\/kul.ro\/blog\/wp-content\/uploads\/2024\/11\/Eminescu_as_TT.jpg\" alt=\"\" width=\"400\" srcset=\"https:\/\/kul.ro\/blog\/wp-content\/uploads\/2024\/11\/Eminescu_as_TT.jpg 2048w, https:\/\/kul.ro\/blog\/wp-content\/uploads\/2024\/11\/Eminescu_as_TT-300x225.jpg 300w, https:\/\/kul.ro\/blog\/wp-content\/uploads\/2024\/11\/Eminescu_as_TT-1024x768.jpg 1024w, https:\/\/kul.ro\/blog\/wp-content\/uploads\/2024\/11\/Eminescu_as_TT-128x96.jpg 128w, https:\/\/kul.ro\/blog\/wp-content\/uploads\/2024\/11\/Eminescu_as_TT-768x576.jpg 768w, https:\/\/kul.ro\/blog\/wp-content\/uploads\/2024\/11\/Eminescu_as_TT-1536x1152.jpg 1536w\" sizes=\"(max-width: 2048px) 100vw, 2048px\" \/><\/p>\n<p>Votul CG este \u0219i votul celor care nu au, sau mult\u0103 vreme n-au avut. \u0218i sistemul a fost nedrept\u00a0 cu ei: de la colectare taxe, la CNAS, la ture de munc\u0103 de 12h.<\/p>\n<p>Oamenii \u0103\u0219tia merit\u0103 respect, \u0219i ei sunt noi. \u0218i noi suntem ei. E un fel de 69 nereu\u0219it, ca orice 68+1.<br \/>\nSunt \u0103ia de dau ture pe bd. Tomis cu caii tura\u021bi \u00een disperarea de a se face remarca\u021bi &#8211; doar-doar i-o baga cineva \u00een zam\u0103. Orice ar \u00eensemna zeama asta.<\/p>\n<p>Dar eu cred c\u0103 cei ce au &#8211; sau \u0219tiu c\u0103 au &#8211; sunt mai mul\u021bi, \u0219i ace\u0219tia vor \u0219i c\u00e2\u0219tiga. S\u0103 ai &#8211; \u00eenseamn\u0103 s\u0103 fii bogat. \u0411\u043e\u0433-at &#8211; adic\u0103 s\u0103 ai s\u0103n\u0103tate, timp, sens, prieteneal\u0103 \u0219i bani.<\/p>\n<p>Acum&#8230; dar \u00eencotro &#8211; unde? Cum unde?! \u00cenainte, cu to\u021bii, spre TOT. A\u0219a s\u0103 facem.<\/p>\n<p>Iar ace\u0219tia cu votul pe CG\/WC &#8211; nu, nu au. Nu e o ru\u0219ine s\u0103 nu ai. C\u00e2nd nu ai, cere &#8211; \u0219i D-zeul t\u0103u \u00ee\u021bi va da, dac\u0103 \u0219tii s\u0103 ceri \u0219i de asemeni ceri cu putere. &#8220;Cred, Doamne! Ajut\u0103 necredin\u021bei mele!&#8221; (Marcu 9, 17-32).<\/p>\n<p>Eu? Eu sunt cel mai s\u0103raki dintre P\u0103m\u00e2nteni. &#8220;Vota\u021bi Denis Alibec \ud83c\uddf7\ud83c\uddf4&#8221;.<\/p>\n<p>George C\u0103linescu s\u0103 ne uneasc\u0103!<br \/>\n\u00cen cuget \u0219i \u00een ne-sim\u021biri.<\/p>\n","protected":false},"excerpt":{"rendered":"<p>Votul CG este \u0219i votul celor care nu au, sau mult\u0103 vreme n-au avut. \u0218i sistemul a fost nedrept\u00a0 cu ei: de la colectare taxe, la CNAS, la ture de munc\u0103 de 12h. Oamenii \u0103\u0219tia merit\u0103 respect, \u0219i ei sunt noi. \u0218i noi suntem ei. E un fel de 69 nereu\u0219it, ca orice 68+1. Sunt [&hellip;]<\/p>\n<a role=\"link\" class=\"rtp-readmore\" title=\"Read more on George C\u0103linescu s\u0103 ne uneasc\u0103!\" href=\"https:\/\/kul.ro\/blog\/2024\/11\/george-calinescu-sa-ne-uneasca\/\" rel=\"nofollow\">Read More &rarr;<\/a>","protected":false},"author":3,"featured_media":0,"comment_status":"open","ping_status":"closed","sticky":false,"template":"","format":"standard","meta":{"footnotes":""},"categories":[1,9],"tags":[46,42,43,33,28,29,19,51,20,37,18,21,48,4,50,40,30],"class_list":["post-8699","post","type-post","status-publish","format-standard","hentry","category-orice","category-post-pt-sufletul-meu","tag-3some","tag-bucuresti","tag-capitalism","tag-constanta","tag-costica","tag-dragos","tag-eugen","tag-familie","tag-filme","tag-jesus","tag-last-temptation","tag-n-are","tag-naivitate","tag-ninjalau","tag-normalitate","tag-politica","tag-romania"],"_links":{"self":[{"href":"https:\/\/kul.ro\/blog\/wp-json\/wp\/v2\/posts\/8699","targetHints":{"allow":["GET"]}}],"collection":[{"href":"https:\/\/kul.ro\/blog\/wp-json\/wp\/v2\/posts"}],"about":[{"href":"https:\/\/kul.ro\/blog\/wp-json\/wp\/v2\/types\/post"}],"author":[{"embeddable":true,"href":"https:\/\/kul.ro\/blog\/wp-json\/wp\/v2\/users\/3"}],"replies":[{"embeddable":true,"href":"https:\/\/kul.ro\/blog\/wp-json\/wp\/v2\/comments?post=8699"}],"version-history":[{"count":3,"href":"https:\/\/kul.ro\/blog\/wp-json\/wp\/v2\/posts\/8699\/revisions"}],"predecessor-version":[{"id":8707,"href":"https:\/\/kul.ro\/blog\/wp-json\/wp\/v2\/posts\/8699\/revisions\/8707"}],"wp:attachment":[{"href":"https:\/\/kul.ro\/blog\/wp-json\/wp\/v2\/media?parent=8699"}],"wp:term":[{"taxonomy":"category","embeddable":true,"href":"https:\/\/kul.ro\/blog\/wp-json\/wp\/v2\/categories?post=8699"},{"taxonomy":"post_tag","embeddable":true,"href":"https:\/\/kul.ro\/blog\/wp-json\/wp\/v2\/tags?post=8699"}],"curies":[{"name":"wp","href":"https:\/\/api.w.org\/{rel}","templated":true}]}}